{"id":6469,"date":"2024-11-17T22:49:29","date_gmt":"2024-11-17T21:49:29","guid":{"rendered":"https:\/\/houssiere.eu\/?p=6469"},"modified":"2024-11-17T23:00:02","modified_gmt":"2024-11-17T22:00:02","slug":"le-jogging-des-chinschins-a-ghlin","status":"publish","type":"post","link":"https:\/\/houssiere.eu\/index.php\/2024\/11\/17\/le-jogging-des-chinschins-a-ghlin\/","title":{"rendered":"\u00ab\u00a0Le Jogging des Chinschins\u00a0\u00bb \u00e0 Ghlin"},"content":{"rendered":"<p>Nos amis du Vertigo b\u00e9n\u00e9ficiaient d\u2019un temps cl\u00e9ment ce dimanche 17 novembre 2024, pour pouvoir donner, dans de bonnes conditions, le d\u00e9part simultan\u00e9 de quatre courses : deux joggings (5 et 10 km) et deux trails (10 et 19 km). Le vaste hippodrome de Wallonie jouxte une zone motocross et le bois : de quoi diversifier distances et D+. Nous y avons trouv\u00e9 notre bonheur pour les 24 Hactifs pr\u00e9sents !<\/p>\n<p><img loading=\"lazy\" decoding=\"async\" class=\"aligncenter size-large wp-image-6470\" src=\"https:\/\/houssiere.eu\/wp-content\/uploads\/2024\/11\/groupe-1-hac-ghlin-2024-1024x768.jpg\" alt=\"\" width=\"584\" height=\"438\" srcset=\"https:\/\/houssiere.eu\/wp-content\/uploads\/2024\/11\/groupe-1-hac-ghlin-2024-1024x768.jpg 1024w, https:\/\/houssiere.eu\/wp-content\/uploads\/2024\/11\/groupe-1-hac-ghlin-2024-300x225.jpg 300w, https:\/\/houssiere.eu\/wp-content\/uploads\/2024\/11\/groupe-1-hac-ghlin-2024-768x576.jpg 768w, https:\/\/houssiere.eu\/wp-content\/uploads\/2024\/11\/groupe-1-hac-ghlin-2024-400x300.jpg 400w, https:\/\/houssiere.eu\/wp-content\/uploads\/2024\/11\/groupe-1-hac-ghlin-2024.jpg 1440w\" sizes=\"auto, (max-width: 584px) 100vw, 584px\" \/> <img loading=\"lazy\" decoding=\"async\" class=\"aligncenter size-large wp-image-6471\" src=\"https:\/\/houssiere.eu\/wp-content\/uploads\/2024\/11\/groupe-2-hac-ghlin-2024-1024x768.jpg\" alt=\"\" width=\"584\" height=\"438\" srcset=\"https:\/\/houssiere.eu\/wp-content\/uploads\/2024\/11\/groupe-2-hac-ghlin-2024-1024x768.jpg 1024w, https:\/\/houssiere.eu\/wp-content\/uploads\/2024\/11\/groupe-2-hac-ghlin-2024-300x225.jpg 300w, https:\/\/houssiere.eu\/wp-content\/uploads\/2024\/11\/groupe-2-hac-ghlin-2024-768x576.jpg 768w, https:\/\/houssiere.eu\/wp-content\/uploads\/2024\/11\/groupe-2-hac-ghlin-2024-1536x1152.jpg 1536w, https:\/\/houssiere.eu\/wp-content\/uploads\/2024\/11\/groupe-2-hac-ghlin-2024-400x300.jpg 400w, https:\/\/houssiere.eu\/wp-content\/uploads\/2024\/11\/groupe-2-hac-ghlin-2024.jpg 1600w\" sizes=\"auto, (max-width: 584px) 100vw, 584px\" \/> <img loading=\"lazy\" decoding=\"async\" class=\"aligncenter size-large wp-image-6472\" src=\"https:\/\/houssiere.eu\/wp-content\/uploads\/2024\/11\/groupe-3-hac-ghlin-2024-1024x820.jpg\" alt=\"\" width=\"584\" height=\"468\" srcset=\"https:\/\/houssiere.eu\/wp-content\/uploads\/2024\/11\/groupe-3-hac-ghlin-2024-1024x820.jpg 1024w, https:\/\/houssiere.eu\/wp-content\/uploads\/2024\/11\/groupe-3-hac-ghlin-2024-300x240.jpg 300w, https:\/\/houssiere.eu\/wp-content\/uploads\/2024\/11\/groupe-3-hac-ghlin-2024-768x615.jpg 768w, https:\/\/houssiere.eu\/wp-content\/uploads\/2024\/11\/groupe-3-hac-ghlin-2024-374x300.jpg 374w, https:\/\/houssiere.eu\/wp-content\/uploads\/2024\/11\/groupe-3-hac-ghlin-2024.jpg 1348w\" sizes=\"auto, (max-width: 584px) 100vw, 584px\" \/> <img loading=\"lazy\" decoding=\"async\" class=\"aligncenter size-large wp-image-6473\" src=\"https:\/\/houssiere.eu\/wp-content\/uploads\/2024\/11\/groupe-4-hac-ghlin-2024-1024x793.jpg\" alt=\"\" width=\"584\" height=\"452\" srcset=\"https:\/\/houssiere.eu\/wp-content\/uploads\/2024\/11\/groupe-4-hac-ghlin-2024-1024x793.jpg 1024w, https:\/\/houssiere.eu\/wp-content\/uploads\/2024\/11\/groupe-4-hac-ghlin-2024-300x232.jpg 300w, https:\/\/houssiere.eu\/wp-content\/uploads\/2024\/11\/groupe-4-hac-ghlin-2024-768x595.jpg 768w, https:\/\/houssiere.eu\/wp-content\/uploads\/2024\/11\/groupe-4-hac-ghlin-2024-1536x1189.jpg 1536w, https:\/\/houssiere.eu\/wp-content\/uploads\/2024\/11\/groupe-4-hac-ghlin-2024-388x300.jpg 388w, https:\/\/houssiere.eu\/wp-content\/uploads\/2024\/11\/groupe-4-hac-ghlin-2024.jpg 1550w\" sizes=\"auto, (max-width: 584px) 100vw, 584px\" \/><\/p>\n<p>Sur le 18,5 km du trail du Dragon, il y avait 5 membres du HAC parmi les 207 arrivants<\/p>\n<table width=\"100%\" cellspacing=\"0\" cellpadding=\"4\">\n<tbody>\n<tr valign=\"top\">\n<td width=\"9%\">\n<p align=\"center\"><span style=\"color: #006600;\"><b>Place<\/b><\/span><\/p>\n<\/td>\n<td width=\"42%\">\n<p align=\"center\"><span style=\"color: #006600;\"><b>Nom Pr\u00e9nom<\/b><\/span><\/p>\n<\/td>\n<td width=\"18%\">\n<p align=\"center\"><span style=\"color: #006600;\"><b>Temps<\/b><\/span><\/p>\n<\/td>\n<td width=\"15%\">\n<p align=\"center\"><span style=\"color: #006600;\"><b>Cat\u00e9gorie<\/b><\/span><\/p>\n<\/td>\n<td width=\"16%\">\n<p align=\"center\"><span style=\"color: #006600;\"><b>Place cat<\/b><\/span><\/p>\n<\/td>\n<\/tr>\n<tr valign=\"top\">\n<td width=\"9%\">\n<p align=\"center\">109<\/p>\n<\/td>\n<td width=\"42%\">\n<p align=\"center\">Bertrand Alexandre<\/p>\n<\/td>\n<td width=\"18%\">\n<p align=\"center\">1:50:36<\/p>\n<\/td>\n<td width=\"15%\">\n<p align=\"center\">V1<\/p>\n<\/td>\n<td width=\"16%\">\n<p align=\"center\">35<\/p>\n<\/td>\n<\/tr>\n<tr valign=\"top\">\n<td width=\"9%\">\n<p align=\"center\">110<\/p>\n<\/td>\n<td width=\"42%\">\n<p align=\"center\">Dufrane Michel<\/p>\n<\/td>\n<td width=\"18%\">\n<p align=\"center\">1:50:38<\/p>\n<\/td>\n<td width=\"15%\">\n<p align=\"center\">V4<\/p>\n<\/td>\n<td width=\"16%\">\n<p align=\"center\">1<\/p>\n<\/td>\n<\/tr>\n<tr valign=\"top\">\n<td width=\"9%\">\n<p align=\"center\">166<\/p>\n<\/td>\n<td width=\"42%\">\n<p align=\"center\">Simon St\u00e9phanie<\/p>\n<\/td>\n<td width=\"18%\">\n<p align=\"center\">2:07:03<\/p>\n<\/td>\n<td width=\"15%\">\n<p align=\"center\">A2<\/p>\n<\/td>\n<td width=\"16%\">\n<p align=\"center\">5<\/p>\n<\/td>\n<\/tr>\n<tr valign=\"top\">\n<td width=\"9%\">\n<p align=\"center\">207<\/p>\n<\/td>\n<td width=\"42%\">\n<p align=\"center\">Boitquin Danielle<\/p>\n<\/td>\n<td width=\"18%\">\n<p align=\"center\">2:37:13<\/p>\n<\/td>\n<td width=\"15%\">\n<p align=\"center\">A3<\/p>\n<\/td>\n<td width=\"16%\">\n<p align=\"center\">7<\/p>\n<\/td>\n<\/tr>\n<\/tbody>\n<\/table>\n<p>Voici<\/p>\n<p>le classement du trail de 10 km 500\u00a0sur lequel il y avait 4 membres du HAC sur les 263 arrivants:<\/p>\n<table width=\"100%\" cellspacing=\"0\" cellpadding=\"4\">\n<tbody>\n<tr valign=\"top\">\n<td width=\"10%\">\n<p align=\"center\"><span style=\"color: #006600;\"><b>Place<\/b><\/span><\/p>\n<\/td>\n<td width=\"41%\">\n<p align=\"center\"><span style=\"color: #006600;\"><b>Nom Pr\u00e9nom<\/b><\/span><\/p>\n<\/td>\n<td width=\"18%\">\n<p align=\"center\"><span style=\"color: #006600;\"><b>Temps<\/b><\/span><\/p>\n<\/td>\n<td width=\"17%\">\n<p align=\"center\"><span style=\"color: #006600;\"><b>Cat\u00e9gorie<\/b><\/span><\/p>\n<\/td>\n<td width=\"15%\">\n<p align=\"center\"><span style=\"color: #006600;\"><b>Place cat<\/b><\/span><\/p>\n<\/td>\n<\/tr>\n<tr valign=\"top\">\n<td width=\"10%\">\n<p align=\"center\">51<\/p>\n<\/td>\n<td width=\"41%\">\n<p align=\"center\">Bertrand Jules<\/p>\n<\/td>\n<td width=\"18%\">\n<p align=\"center\">57:25<\/p>\n<\/td>\n<td width=\"17%\">\n<p align=\"center\">EH<\/p>\n<\/td>\n<td width=\"15%\">\n<p align=\"center\">4<\/p>\n<\/td>\n<\/tr>\n<tr valign=\"top\">\n<td width=\"10%\">\n<p align=\"center\">159<\/p>\n<\/td>\n<td width=\"41%\">\n<p align=\"center\">Vandenabeele Patricia<\/p>\n<\/td>\n<td width=\"18%\">\n<p align=\"center\">1:10:19<\/p>\n<\/td>\n<td width=\"17%\">\n<p align=\"center\">A2<\/p>\n<\/td>\n<td width=\"15%\">\n<p align=\"center\">7<\/p>\n<\/td>\n<\/tr>\n<tr valign=\"top\">\n<td width=\"10%\">\n<p align=\"center\">160<\/p>\n<\/td>\n<td width=\"41%\">\n<p align=\"center\">Thibaut Denis<\/p>\n<\/td>\n<td width=\"18%\">\n<p align=\"center\">1:10:20<\/p>\n<\/td>\n<td width=\"17%\">\n<p align=\"center\">V2<\/p>\n<\/td>\n<td width=\"15%\">\n<p align=\"center\">15<\/p>\n<\/td>\n<\/tr>\n<tr valign=\"top\">\n<td width=\"10%\">\n<p align=\"center\">188<\/p>\n<\/td>\n<td width=\"41%\">\n<p align=\"center\">de Rassenfosse Jacques<\/p>\n<\/td>\n<td width=\"18%\">\n<p align=\"center\">1:13:21<\/p>\n<\/td>\n<td width=\"17%\">\n<p align=\"center\">V5<\/p>\n<\/td>\n<td width=\"15%\">\n<p align=\"center\">1<\/p>\n<\/td>\n<\/tr>\n<tr valign=\"top\">\n<td width=\"10%\">\n<p align=\"center\">203<\/p>\n<\/td>\n<td width=\"41%\">\n<p align=\"center\">Ternad Indiana<\/p>\n<\/td>\n<td width=\"18%\">\n<p align=\"center\">1:16:47<\/p>\n<\/td>\n<td width=\"17%\">\n<p align=\"center\">DA<\/p>\n<\/td>\n<td width=\"15%\">\n<p align=\"center\">24<\/p>\n<\/td>\n<\/tr>\n<\/tbody>\n<\/table>\n<p>Sur<\/p>\n<p>le jogging des Chinschins de 9,7 km, il y avait 9 membres du HAC parmi les 222 arrivants<\/p>\n<table width=\"100%\" cellspacing=\"0\" cellpadding=\"4\">\n<tbody>\n<tr valign=\"top\">\n<td width=\"10%\">\n<p align=\"center\"><span style=\"color: #006600;\"><b>Place<\/b><\/span><\/p>\n<\/td>\n<td width=\"41%\">\n<p align=\"center\"><span style=\"color: #006600;\"><b>Nom Pr\u00e9nom<\/b><\/span><\/p>\n<\/td>\n<td width=\"18%\">\n<p align=\"center\"><span style=\"color: #006600;\"><b>Temps<\/b><\/span><\/p>\n<\/td>\n<td width=\"17%\">\n<p align=\"center\"><span style=\"color: #006600;\"><b>Cat\u00e9gorie<\/b><\/span><\/p>\n<\/td>\n<td width=\"15%\">\n<p align=\"center\"><span style=\"color: #006600;\"><b>Place cat<\/b><\/span><\/p>\n<\/td>\n<\/tr>\n<tr valign=\"top\">\n<td width=\"10%\">\n<p align=\"center\">52<\/p>\n<\/td>\n<td width=\"41%\">\n<p align=\"center\">Renard Didier<\/p>\n<\/td>\n<td width=\"18%\">\n<p align=\"center\">43:33<\/p>\n<\/td>\n<td width=\"17%\">\n<p align=\"center\">V3<\/p>\n<\/td>\n<td width=\"15%\">\n<p align=\"center\">4<\/p>\n<\/td>\n<\/tr>\n<tr valign=\"top\">\n<td width=\"10%\">\n<p align=\"center\">59<\/p>\n<\/td>\n<td width=\"41%\">\n<p align=\"center\">N\u00e9meth Alain<\/p>\n<\/td>\n<td width=\"18%\">\n<p align=\"center\">44:08<\/p>\n<\/td>\n<td width=\"17%\">\n<p align=\"center\">V4<\/p>\n<\/td>\n<td width=\"15%\">\n<p align=\"center\">3<\/p>\n<\/td>\n<\/tr>\n<tr valign=\"top\">\n<td width=\"10%\">\n<p align=\"center\">138<\/p>\n<\/td>\n<td width=\"41%\">\n<p align=\"center\">Verboomen Didier<\/p>\n<\/td>\n<td width=\"18%\">\n<p align=\"center\">51:04<\/p>\n<\/td>\n<td width=\"17%\">\n<p align=\"center\">V4<\/p>\n<\/td>\n<td width=\"15%\">\n<p align=\"center\">9<\/p>\n<\/td>\n<\/tr>\n<tr valign=\"top\">\n<td width=\"10%\">\n<p align=\"center\">163<\/p>\n<\/td>\n<td width=\"41%\">\n<p align=\"center\">Szmil Carine<\/p>\n<\/td>\n<td width=\"18%\">\n<p align=\"center\">53:36<\/p>\n<\/td>\n<td width=\"17%\">\n<p align=\"center\">A3<\/p>\n<\/td>\n<td width=\"15%\">\n<p align=\"center\">6<\/p>\n<\/td>\n<\/tr>\n<tr valign=\"top\">\n<td width=\"10%\">\n<p align=\"center\">175<\/p>\n<\/td>\n<td width=\"41%\">\n<p align=\"center\">Le Bacquer M\u00e9linda<\/p>\n<\/td>\n<td width=\"18%\">\n<p align=\"center\">55:36<\/p>\n<\/td>\n<td width=\"17%\">\n<p align=\"center\">A1<\/p>\n<\/td>\n<td width=\"15%\">\n<p align=\"center\">6<\/p>\n<\/td>\n<\/tr>\n<tr valign=\"top\">\n<td width=\"10%\">\n<p align=\"center\">184<\/p>\n<\/td>\n<td width=\"41%\">\n<p align=\"center\">T\u2019Kindt Bruno<\/p>\n<\/td>\n<td width=\"18%\">\n<p align=\"center\">56:01<\/p>\n<\/td>\n<td width=\"17%\">\n<p align=\"center\">V3<\/p>\n<\/td>\n<td width=\"15%\">\n<p align=\"center\">16<\/p>\n<\/td>\n<\/tr>\n<tr valign=\"top\">\n<td width=\"10%\">\n<p align=\"center\">187<\/p>\n<\/td>\n<td width=\"41%\">\n<p align=\"center\">No\u00ebl Serge<\/p>\n<\/td>\n<td width=\"18%\">\n<p align=\"center\">56:29<\/p>\n<\/td>\n<td width=\"17%\">\n<p align=\"center\">V6<\/p>\n<\/td>\n<td width=\"15%\">\n<p align=\"center\">2<\/p>\n<\/td>\n<\/tr>\n<tr valign=\"top\">\n<td width=\"10%\">\n<p align=\"center\">202<\/p>\n<\/td>\n<td width=\"41%\">\n<p align=\"center\">Staquet Lise<\/p>\n<\/td>\n<td width=\"18%\">\n<p align=\"center\">1:00:35<\/p>\n<\/td>\n<td width=\"17%\">\n<p align=\"center\">A1<\/p>\n<\/td>\n<td width=\"15%\">\n<p align=\"center\">11<\/p>\n<\/td>\n<\/tr>\n<tr valign=\"top\">\n<td width=\"10%\">\n<p align=\"center\">207<\/p>\n<\/td>\n<td width=\"41%\">\n<p align=\"center\">Willocq Danielle<\/p>\n<\/td>\n<td width=\"18%\">\n<p align=\"center\">1:04:37<\/p>\n<\/td>\n<td width=\"17%\">\n<p align=\"center\">A5<\/p>\n<\/td>\n<td width=\"15%\">\n<p align=\"center\">2<\/p>\n<\/td>\n<\/tr>\n<\/tbody>\n<\/table>\n<p>Voici le classement du 5 km\u00a0des Chinschins sur lequel il y avait 8 membres du HAC sur les 232 arrivants:<\/p>\n<table width=\"100%\" cellspacing=\"0\" cellpadding=\"4\">\n<tbody>\n<tr valign=\"top\">\n<td width=\"10%\">\n<p align=\"center\"><span style=\"color: #006600;\"><b>Place<\/b><\/span><\/p>\n<\/td>\n<td width=\"41%\">\n<p align=\"center\"><span style=\"color: #006600;\"><b>Nom Pr\u00e9nom<\/b><\/span><\/p>\n<\/td>\n<td width=\"18%\">\n<p align=\"center\"><span style=\"color: #006600;\"><b>Temps<\/b><\/span><\/p>\n<\/td>\n<td width=\"17%\">\n<p align=\"center\"><span style=\"color: #006600;\"><b>Cat\u00e9gorie<\/b><\/span><\/p>\n<\/td>\n<td width=\"15%\">\n<p align=\"center\"><span style=\"color: #006600;\"><b>Place cat<\/b><\/span><\/p>\n<\/td>\n<\/tr>\n<tr valign=\"top\">\n<td width=\"10%\">\n<p align=\"center\">42<\/p>\n<\/td>\n<td width=\"41%\">\n<p align=\"center\">Van Honacker Etienne<\/p>\n<\/td>\n<td width=\"18%\">\n<p align=\"center\">24:31<\/p>\n<\/td>\n<td width=\"17%\">\n<p align=\"center\">V4<\/p>\n<\/td>\n<td width=\"15%\">\n<p align=\"center\">3<\/p>\n<\/td>\n<\/tr>\n<tr valign=\"top\">\n<td width=\"10%\">\n<p align=\"center\">48<\/p>\n<\/td>\n<td width=\"41%\">\n<p align=\"center\">Barb\u00e9 Luc<\/p>\n<\/td>\n<td width=\"18%\">\n<p align=\"center\">25:13<\/p>\n<\/td>\n<td width=\"17%\">\n<p align=\"center\">V4<\/p>\n<\/td>\n<td width=\"15%\">\n<p align=\"center\">4<\/p>\n<\/td>\n<\/tr>\n<tr valign=\"top\">\n<td width=\"10%\">\n<p align=\"center\">70<\/p>\n<\/td>\n<td width=\"41%\">\n<p align=\"center\">Lef\u00e8bvre Elodie<\/p>\n<\/td>\n<td width=\"18%\">\n<p align=\"center\">27:58<\/p>\n<\/td>\n<td width=\"17%\">\n<p align=\"center\">DA<\/p>\n<\/td>\n<td width=\"15%\">\n<p align=\"center\">8<\/p>\n<\/td>\n<\/tr>\n<tr valign=\"top\">\n<td width=\"10%\">\n<p align=\"center\">94<\/p>\n<\/td>\n<td width=\"41%\">\n<p align=\"center\">Matagne Jean-Pierre<\/p>\n<\/td>\n<td width=\"18%\">\n<p align=\"center\">29:47<\/p>\n<\/td>\n<td width=\"17%\">\n<p align=\"center\">V3<\/p>\n<\/td>\n<td width=\"15%\">\n<p align=\"center\">2<\/p>\n<\/td>\n<\/tr>\n<tr valign=\"top\">\n<td width=\"10%\">\n<p align=\"center\">123<\/p>\n<\/td>\n<td width=\"41%\">\n<p align=\"center\">Michaux Didier<\/p>\n<\/td>\n<td width=\"18%\">\n<p align=\"center\">31:27<\/p>\n<\/td>\n<td width=\"17%\">\n<p align=\"center\">V2<\/p>\n<\/td>\n<td width=\"15%\">\n<p align=\"center\">13<\/p>\n<\/td>\n<\/tr>\n<tr valign=\"top\">\n<td width=\"10%\">\n<p align=\"center\">162<\/p>\n<\/td>\n<td width=\"41%\">\n<p align=\"center\">Galand Brigitte<\/p>\n<\/td>\n<td width=\"18%\">\n<p align=\"center\">35:02<\/p>\n<\/td>\n<td width=\"17%\">\n<p align=\"center\">A2<\/p>\n<\/td>\n<td width=\"15%\">\n<p align=\"center\">2<\/p>\n<\/td>\n<\/tr>\n<tr valign=\"top\">\n<td width=\"10%\">\n<p align=\"center\">198<\/p>\n<\/td>\n<td width=\"41%\">\n<p align=\"center\">Dernies Martine<\/p>\n<\/td>\n<td width=\"18%\">\n<p align=\"center\">41:09<\/p>\n<\/td>\n<td width=\"17%\">\n<p align=\"center\">A5<\/p>\n<\/td>\n<td width=\"15%\">\n<p align=\"center\">6<\/p>\n<\/td>\n<\/tr>\n<tr valign=\"top\">\n<td width=\"10%\">\n<p align=\"center\">200<\/p>\n<\/td>\n<td width=\"41%\">\n<p align=\"center\">Claes V\u00e9ronique<\/p>\n<\/td>\n<td width=\"18%\">\n<p align=\"center\">42:05<\/p>\n<\/td>\n<td width=\"17%\">\n<p align=\"center\">A6<\/p>\n<\/td>\n<td width=\"15%\">\n<p align=\"center\">4<\/p>\n<\/td>\n<\/tr>\n<\/tbody>\n<\/table>\n<p>F\u00e9licitations \u00e0 tous\u00a0!<\/p>\n<p>Prochaine course\u00a0: le samedi<span lang=\"fr-BE\"> 23 novembre <\/span><span lang=\"fr-BE\">\u00e0<\/span><span lang=\"fr-BE\"> Beaumont, Jogging de l\u2019Ath\u00e9n\u00e9e 4,7 et 9,4 km \u00e0 15h.<\/span><\/p>\n<p>Vous pouvez partager cette page \u00e0 l\u2019aide des boutons ci-dessous<\/p>\n","protected":false},"excerpt":{"rendered":"<p>Nos amis du Vertigo b\u00e9n\u00e9ficiaient d\u2019un temps cl\u00e9ment ce dimanche 17 novembre 2024, pour pouvoir donner, dans de bonnes conditions, le d\u00e9part simultan\u00e9 de quatre courses : deux joggings (5 et 10 km) et deux trails (10 et 19 km). &hellip; <a href=\"https:\/\/houssiere.eu\/index.php\/2024\/11\/17\/le-jogging-des-chinschins-a-ghlin\/\">Continuer la lecture <span class=\"meta-nav\">&rarr;<\/span><\/a><\/p>\n","protected":false},"author":1,"featured_media":0,"comment_status":"open","ping_status":"open","sticky":false,"template":"","format":"standard","meta":{"jetpack_post_was_ever_published":false,"_jetpack_newsletter_access":"","_jetpack_dont_email_post_to_subs":false,"_jetpack_newsletter_tier_id":0,"_jetpack_memberships_contains_paywalled_content":false,"_jetpack_memberships_contains_paid_content":false,"footnotes":"","jetpack_publicize_message":"","jetpack_publicize_feature_enabled":true,"jetpack_social_post_already_shared":true,"jetpack_social_options":{"image_generator_settings":{"template":"highway","default_image_id":0,"font":"","enabled":false},"version":2}},"categories":[1],"tags":[],"class_list":["post-6469","post","type-post","status-publish","format-standard","hentry","category-non-classe"],"jetpack_publicize_connections":[],"jetpack_featured_media_url":"","jetpack_sharing_enabled":true,"jetpack_shortlink":"https:\/\/wp.me\/p8shbt-1Gl","_links":{"self":[{"href":"https:\/\/houssiere.eu\/index.php\/wp-json\/wp\/v2\/posts\/6469","targetHints":{"allow":["GET"]}}],"collection":[{"href":"https:\/\/houssiere.eu\/index.php\/wp-json\/wp\/v2\/posts"}],"about":[{"href":"https:\/\/houssiere.eu\/index.php\/wp-json\/wp\/v2\/types\/post"}],"author":[{"embeddable":true,"href":"https:\/\/houssiere.eu\/index.php\/wp-json\/wp\/v2\/users\/1"}],"replies":[{"embeddable":true,"href":"https:\/\/houssiere.eu\/index.php\/wp-json\/wp\/v2\/comments?post=6469"}],"version-history":[{"count":3,"href":"https:\/\/houssiere.eu\/index.php\/wp-json\/wp\/v2\/posts\/6469\/revisions"}],"predecessor-version":[{"id":6476,"href":"https:\/\/houssiere.eu\/index.php\/wp-json\/wp\/v2\/posts\/6469\/revisions\/6476"}],"wp:attachment":[{"href":"https:\/\/houssiere.eu\/index.php\/wp-json\/wp\/v2\/media?parent=6469"}],"wp:term":[{"taxonomy":"category","embeddable":true,"href":"https:\/\/houssiere.eu\/index.php\/wp-json\/wp\/v2\/categories?post=6469"},{"taxonomy":"post_tag","embeddable":true,"href":"https:\/\/houssiere.eu\/index.php\/wp-json\/wp\/v2\/tags?post=6469"}],"curies":[{"name":"wp","href":"https:\/\/api.w.org\/{rel}","templated":true}]}}